{"id":29310,"date":"2024-12-02T12:11:47","date_gmt":"2024-12-02T11:11:47","guid":{"rendered":"https:\/\/uniludes.ch\/condoleances-pour-le-deces-premature-de-gemma-manzoni\/"},"modified":"2024-12-02T12:11:47","modified_gmt":"2024-12-02T11:11:47","slug":"condoleances-pour-le-deces-premature-de-gemma-manzoni","status":"publish","type":"post","link":"https:\/\/uniludes.ch\/fr\/condoleances-pour-le-deces-premature-de-gemma-manzoni\/","title":{"rendered":"Condol\u00e9ances pour le d\u00e9c\u00e8s pr\u00e9matur\u00e9 de Gemma Manzoni"},"content":{"rendered":"<div class=\"x_elementToProof\"><b data-olk-copy-source=\"MessageBody\">Condol\u00e9ances <\/b><\/div>\n<div class=\"x_elementToProof\">C&rsquo;est avec une profonde tristesse que nous annon\u00e7ons le d\u00e9c\u00e8s pr\u00e9matur\u00e9 de <b>Gemma Manzoni,<\/b> qui s&rsquo;est \u00e9teinte \u00e0 l&rsquo;\u00e2ge de 40 ans.<\/div>\n<div>Gemma, physioth\u00e9rapeute dipl\u00f4m\u00e9e du <b>Campus Ludes<\/b>, travaillait avec d\u00e9vouement et professionnalisme \u00e0 Moreggia Pelascini, \u00e0 Gravedona. Sa passion pour son travail et son sourire radieux ont laiss\u00e9 une marque ind\u00e9l\u00e9bile sur tous ceux qui l&rsquo;ont connue. <\/div>\n<div class=\"x_elementToProof\">La <b>direction du Campus Ludes<\/b> s&rsquo;associe aux condol\u00e9ances de la famille et exprime sa sympathie en ce moment de profonde tristesse.<\/div>\n<div class=\"x_elementToProof\"><b>Gemma, ton sourire et ton \u00e9nergie resteront \u00e0 jamais dans nos c\u0153urs.<\/b><\/div>\n","protected":false},"excerpt":{"rendered":"<p>Condol\u00e9ances C&rsquo;est avec une profonde tristesse que nous annon\u00e7ons le d\u00e9c\u00e8s pr\u00e9matur\u00e9 de Gemma Manzoni, qui s&rsquo;est \u00e9teinte \u00e0 l&rsquo;\u00e2ge de 40 ans. Gemma, physioth\u00e9rapeute dipl\u00f4m\u00e9e du Campus Ludes, travaillait avec d\u00e9vouement et professionnalisme \u00e0 Moreggia Pelascini, \u00e0 Gravedona. Sa passion pour son travail et son sourire radieux ont laiss\u00e9 une marque ind\u00e9l\u00e9bile sur tous [&hellip;]<\/p>\n","protected":false},"author":4,"featured_media":14368,"comment_status":"closed","ping_status":"open","sticky":false,"template":"","format":"standard","meta":{"_acf_changed":false,"footnotes":""},"categories":[64],"tags":[],"class_list":["post-29310","post","type-post","status-publish","format-standard","has-post-thumbnail","hentry","category-news-fr"],"acf":[],"featured_image_src":{"landsacpe":["https:\/\/uniludes.ch\/wp-content\/uploads\/2023\/11\/Immagine-WhatsApp-2023-11-02-ore-15.07.05_6592b8a0-800x445.jpg",800,445,true],"list":["https:\/\/uniludes.ch\/wp-content\/uploads\/2023\/11\/Immagine-WhatsApp-2023-11-02-ore-15.07.05_6592b8a0-463x348.jpg",463,348,true],"medium":["https:\/\/uniludes.ch\/wp-content\/uploads\/2023\/11\/Immagine-WhatsApp-2023-11-02-ore-15.07.05_6592b8a0-300x300.jpg",300,300,true],"full":["https:\/\/uniludes.ch\/wp-content\/uploads\/2023\/11\/Immagine-WhatsApp-2023-11-02-ore-15.07.05_6592b8a0.jpg",800,800,false]},"yoast_head":"<!-- This site is optimized with the Yoast SEO plugin v27.4 - https:\/\/yoast.com\/product\/yoast-seo-wordpress\/ -->\n<title>Condol\u00e9ances pour le d\u00e9c\u00e8s pr\u00e9matur\u00e9 de Gemma Manzoni &#187; Campus L.U.De.S.<\/title>\n<meta name=\"robots\" content=\"index, follow, max-snippet:-1, max-image-preview:large, max-video-preview:-1\" \/>\n<link rel=\"canonical\" href=\"https:\/\/uniludes.ch\/fr\/condoleances-pour-le-deces-premature-de-gemma-manzoni\/\" \/>\n<meta property=\"og:locale\" content=\"fr_FR\" \/>\n<meta property=\"og:type\" content=\"article\" \/>\n<meta property=\"og:title\" content=\"Condol\u00e9ances pour le d\u00e9c\u00e8s pr\u00e9matur\u00e9 de Gemma Manzoni &#187; Campus L.U.De.S.\" \/>\n<meta property=\"og:description\" content=\"Condol\u00e9ances C&rsquo;est avec une profonde tristesse que nous annon\u00e7ons le d\u00e9c\u00e8s pr\u00e9matur\u00e9 de Gemma Manzoni, qui s&rsquo;est \u00e9teinte \u00e0 l&rsquo;\u00e2ge de 40 ans. Gemma, physioth\u00e9rapeute dipl\u00f4m\u00e9e du Campus Ludes, travaillait avec d\u00e9vouement et professionnalisme \u00e0 Moreggia Pelascini, \u00e0 Gravedona. Sa passion pour son travail et son sourire radieux ont laiss\u00e9 une marque ind\u00e9l\u00e9bile sur tous [&hellip;]\" \/>\n<meta property=\"og:url\" content=\"https:\/\/uniludes.ch\/fr\/condoleances-pour-le-deces-premature-de-gemma-manzoni\/\" \/>\n<meta property=\"og:site_name\" content=\"Campus L.U.De.S.\" \/>\n<meta property=\"article:publisher\" content=\"https:\/\/www.facebook.com\/LudesLuganoCampus\/\" \/>\n<meta property=\"article:published_time\" content=\"2024-12-02T11:11:47+00:00\" \/>\n<meta property=\"og:image\" content=\"https:\/\/uniludes.ch\/wp-content\/uploads\/2023\/11\/Immagine-WhatsApp-2023-11-02-ore-15.07.05_6592b8a0.jpg\" \/>\n\t<meta property=\"og:image:width\" content=\"800\" \/>\n\t<meta property=\"og:image:height\" content=\"800\" \/>\n\t<meta property=\"og:image:type\" content=\"image\/jpeg\" \/>\n<meta name=\"author\" content=\"MICHELA DEPINO\" \/>\n<meta name=\"twitter:card\" content=\"summary_large_image\" \/>\n<meta name=\"twitter:label1\" content=\"\u00c9crit par\" \/>\n\t<meta name=\"twitter:data1\" content=\"MICHELA DEPINO\" \/>\n\t<meta name=\"twitter:label2\" content=\"Dur\u00e9e de lecture estim\u00e9e\" \/>\n\t<meta name=\"twitter:data2\" content=\"1 minute\" \/>\n<script type=\"application\/ld+json\" class=\"yoast-schema-graph\">{\"@context\":\"https:\\\/\\\/schema.org\",\"@graph\":[{\"@type\":\"Article\",\"@id\":\"https:\\\/\\\/uniludes.ch\\\/fr\\\/condoleances-pour-le-deces-premature-de-gemma-manzoni\\\/#article\",\"isPartOf\":{\"@id\":\"https:\\\/\\\/uniludes.ch\\\/fr\\\/condoleances-pour-le-deces-premature-de-gemma-manzoni\\\/\"},\"author\":{\"name\":\"MICHELA DEPINO\",\"@id\":\"https:\\\/\\\/uniludes.ch\\\/fr\\\/#\\\/schema\\\/person\\\/343664a19dd7c00fd2a1e51a2ebea599\"},\"headline\":\"Condol\u00e9ances pour le d\u00e9c\u00e8s pr\u00e9matur\u00e9 de Gemma Manzoni\",\"datePublished\":\"2024-12-02T11:11:47+00:00\",\"mainEntityOfPage\":{\"@id\":\"https:\\\/\\\/uniludes.ch\\\/fr\\\/condoleances-pour-le-deces-premature-de-gemma-manzoni\\\/\"},\"wordCount\":117,\"publisher\":{\"@id\":\"https:\\\/\\\/uniludes.ch\\\/fr\\\/#organization\"},\"image\":{\"@id\":\"https:\\\/\\\/uniludes.ch\\\/fr\\\/condoleances-pour-le-deces-premature-de-gemma-manzoni\\\/#primaryimage\"},\"thumbnailUrl\":\"https:\\\/\\\/uniludes.ch\\\/wp-content\\\/uploads\\\/2023\\\/11\\\/Immagine-WhatsApp-2023-11-02-ore-15.07.05_6592b8a0.jpg\",\"articleSection\":[\"News\"],\"inLanguage\":\"fr-FR\"},{\"@type\":\"WebPage\",\"@id\":\"https:\\\/\\\/uniludes.ch\\\/fr\\\/condoleances-pour-le-deces-premature-de-gemma-manzoni\\\/\",\"url\":\"https:\\\/\\\/uniludes.ch\\\/fr\\\/condoleances-pour-le-deces-premature-de-gemma-manzoni\\\/\",\"name\":\"Condol\u00e9ances pour le d\u00e9c\u00e8s pr\u00e9matur\u00e9 de Gemma Manzoni &#187; Campus L.U.De.S.\",\"isPartOf\":{\"@id\":\"https:\\\/\\\/uniludes.ch\\\/fr\\\/#website\"},\"primaryImageOfPage\":{\"@id\":\"https:\\\/\\\/uniludes.ch\\\/fr\\\/condoleances-pour-le-deces-premature-de-gemma-manzoni\\\/#primaryimage\"},\"image\":{\"@id\":\"https:\\\/\\\/uniludes.ch\\\/fr\\\/condoleances-pour-le-deces-premature-de-gemma-manzoni\\\/#primaryimage\"},\"thumbnailUrl\":\"https:\\\/\\\/uniludes.ch\\\/wp-content\\\/uploads\\\/2023\\\/11\\\/Immagine-WhatsApp-2023-11-02-ore-15.07.05_6592b8a0.jpg\",\"datePublished\":\"2024-12-02T11:11:47+00:00\",\"breadcrumb\":{\"@id\":\"https:\\\/\\\/uniludes.ch\\\/fr\\\/condoleances-pour-le-deces-premature-de-gemma-manzoni\\\/#breadcrumb\"},\"inLanguage\":\"fr-FR\",\"potentialAction\":[{\"@type\":\"ReadAction\",\"target\":[\"https:\\\/\\\/uniludes.ch\\\/fr\\\/condoleances-pour-le-deces-premature-de-gemma-manzoni\\\/\"]}]},{\"@type\":\"ImageObject\",\"inLanguage\":\"fr-FR\",\"@id\":\"https:\\\/\\\/uniludes.ch\\\/fr\\\/condoleances-pour-le-deces-premature-de-gemma-manzoni\\\/#primaryimage\",\"url\":\"https:\\\/\\\/uniludes.ch\\\/wp-content\\\/uploads\\\/2023\\\/11\\\/Immagine-WhatsApp-2023-11-02-ore-15.07.05_6592b8a0.jpg\",\"contentUrl\":\"https:\\\/\\\/uniludes.ch\\\/wp-content\\\/uploads\\\/2023\\\/11\\\/Immagine-WhatsApp-2023-11-02-ore-15.07.05_6592b8a0.jpg\",\"width\":800,\"height\":800},{\"@type\":\"BreadcrumbList\",\"@id\":\"https:\\\/\\\/uniludes.ch\\\/fr\\\/condoleances-pour-le-deces-premature-de-gemma-manzoni\\\/#breadcrumb\",\"itemListElement\":[{\"@type\":\"ListItem\",\"position\":1,\"name\":\"Home\",\"item\":\"https:\\\/\\\/uniludes.ch\\\/fr\\\/\"},{\"@type\":\"ListItem\",\"position\":2,\"name\":\"Condol\u00e9ances pour le d\u00e9c\u00e8s pr\u00e9matur\u00e9 de Gemma Manzoni\"}]},{\"@type\":\"WebSite\",\"@id\":\"https:\\\/\\\/uniludes.ch\\\/fr\\\/#website\",\"url\":\"https:\\\/\\\/uniludes.ch\\\/fr\\\/\",\"name\":\"Campus L.U.De.S.\",\"description\":\"Istituto Universitario Professionale *\",\"publisher\":{\"@id\":\"https:\\\/\\\/uniludes.ch\\\/fr\\\/#organization\"},\"potentialAction\":[{\"@type\":\"SearchAction\",\"target\":{\"@type\":\"EntryPoint\",\"urlTemplate\":\"https:\\\/\\\/uniludes.ch\\\/fr\\\/?s={search_term_string}\"},\"query-input\":{\"@type\":\"PropertyValueSpecification\",\"valueRequired\":true,\"valueName\":\"search_term_string\"}}],\"inLanguage\":\"fr-FR\"},{\"@type\":\"Organization\",\"@id\":\"https:\\\/\\\/uniludes.ch\\\/fr\\\/#organization\",\"name\":\"Campus L.U.De.S.\",\"url\":\"https:\\\/\\\/uniludes.ch\\\/fr\\\/\",\"logo\":{\"@type\":\"ImageObject\",\"inLanguage\":\"fr-FR\",\"@id\":\"https:\\\/\\\/uniludes.ch\\\/fr\\\/#\\\/schema\\\/logo\\\/image\\\/\",\"url\":\"https:\\\/\\\/uniludes.ch\\\/wp-content\\\/uploads\\\/2023\\\/03\\\/LOGO-PER-SITO-350X100.png\",\"contentUrl\":\"https:\\\/\\\/uniludes.ch\\\/wp-content\\\/uploads\\\/2023\\\/03\\\/LOGO-PER-SITO-350X100.png\",\"width\":350,\"height\":100,\"caption\":\"Campus L.U.De.S.\"},\"image\":{\"@id\":\"https:\\\/\\\/uniludes.ch\\\/fr\\\/#\\\/schema\\\/logo\\\/image\\\/\"},\"sameAs\":[\"https:\\\/\\\/www.facebook.com\\\/LudesLuganoCampus\\\/\",\"https:\\\/\\\/www.linkedin.com\\\/company\\\/l-u-de-s-university\\\/about\\\/\",\"https:\\\/\\\/www.instagram.com\\\/ludes_lugano_campus\\\/\"]},{\"@type\":\"Person\",\"@id\":\"https:\\\/\\\/uniludes.ch\\\/fr\\\/#\\\/schema\\\/person\\\/343664a19dd7c00fd2a1e51a2ebea599\",\"name\":\"MICHELA DEPINO\"}]}<\/script>\n<!-- \/ Yoast SEO plugin. -->","yoast_head_json":{"title":"Condol\u00e9ances pour le d\u00e9c\u00e8s pr\u00e9matur\u00e9 de Gemma Manzoni &#187; Campus L.U.De.S.","robots":{"index":"index","follow":"follow","max-snippet":"max-snippet:-1","max-image-preview":"max-image-preview:large","max-video-preview":"max-video-preview:-1"},"canonical":"https:\/\/uniludes.ch\/fr\/condoleances-pour-le-deces-premature-de-gemma-manzoni\/","og_locale":"fr_FR","og_type":"article","og_title":"Condol\u00e9ances pour le d\u00e9c\u00e8s pr\u00e9matur\u00e9 de Gemma Manzoni &#187; Campus L.U.De.S.","og_description":"Condol\u00e9ances C&rsquo;est avec une profonde tristesse que nous annon\u00e7ons le d\u00e9c\u00e8s pr\u00e9matur\u00e9 de Gemma Manzoni, qui s&rsquo;est \u00e9teinte \u00e0 l&rsquo;\u00e2ge de 40 ans. Gemma, physioth\u00e9rapeute dipl\u00f4m\u00e9e du Campus Ludes, travaillait avec d\u00e9vouement et professionnalisme \u00e0 Moreggia Pelascini, \u00e0 Gravedona. Sa passion pour son travail et son sourire radieux ont laiss\u00e9 une marque ind\u00e9l\u00e9bile sur tous [&hellip;]","og_url":"https:\/\/uniludes.ch\/fr\/condoleances-pour-le-deces-premature-de-gemma-manzoni\/","og_site_name":"Campus L.U.De.S.","article_publisher":"https:\/\/www.facebook.com\/LudesLuganoCampus\/","article_published_time":"2024-12-02T11:11:47+00:00","og_image":[{"width":800,"height":800,"url":"https:\/\/uniludes.ch\/wp-content\/uploads\/2023\/11\/Immagine-WhatsApp-2023-11-02-ore-15.07.05_6592b8a0.jpg","type":"image\/jpeg"}],"author":"MICHELA DEPINO","twitter_card":"summary_large_image","twitter_misc":{"\u00c9crit par":"MICHELA DEPINO","Dur\u00e9e de lecture estim\u00e9e":"1 minute"},"schema":{"@context":"https:\/\/schema.org","@graph":[{"@type":"Article","@id":"https:\/\/uniludes.ch\/fr\/condoleances-pour-le-deces-premature-de-gemma-manzoni\/#article","isPartOf":{"@id":"https:\/\/uniludes.ch\/fr\/condoleances-pour-le-deces-premature-de-gemma-manzoni\/"},"author":{"name":"MICHELA DEPINO","@id":"https:\/\/uniludes.ch\/fr\/#\/schema\/person\/343664a19dd7c00fd2a1e51a2ebea599"},"headline":"Condol\u00e9ances pour le d\u00e9c\u00e8s pr\u00e9matur\u00e9 de Gemma Manzoni","datePublished":"2024-12-02T11:11:47+00:00","mainEntityOfPage":{"@id":"https:\/\/uniludes.ch\/fr\/condoleances-pour-le-deces-premature-de-gemma-manzoni\/"},"wordCount":117,"publisher":{"@id":"https:\/\/uniludes.ch\/fr\/#organization"},"image":{"@id":"https:\/\/uniludes.ch\/fr\/condoleances-pour-le-deces-premature-de-gemma-manzoni\/#primaryimage"},"thumbnailUrl":"https:\/\/uniludes.ch\/wp-content\/uploads\/2023\/11\/Immagine-WhatsApp-2023-11-02-ore-15.07.05_6592b8a0.jpg","articleSection":["News"],"inLanguage":"fr-FR"},{"@type":"WebPage","@id":"https:\/\/uniludes.ch\/fr\/condoleances-pour-le-deces-premature-de-gemma-manzoni\/","url":"https:\/\/uniludes.ch\/fr\/condoleances-pour-le-deces-premature-de-gemma-manzoni\/","name":"Condol\u00e9ances pour le d\u00e9c\u00e8s pr\u00e9matur\u00e9 de Gemma Manzoni &#187; Campus L.U.De.S.","isPartOf":{"@id":"https:\/\/uniludes.ch\/fr\/#website"},"primaryImageOfPage":{"@id":"https:\/\/uniludes.ch\/fr\/condoleances-pour-le-deces-premature-de-gemma-manzoni\/#primaryimage"},"image":{"@id":"https:\/\/uniludes.ch\/fr\/condoleances-pour-le-deces-premature-de-gemma-manzoni\/#primaryimage"},"thumbnailUrl":"https:\/\/uniludes.ch\/wp-content\/uploads\/2023\/11\/Immagine-WhatsApp-2023-11-02-ore-15.07.05_6592b8a0.jpg","datePublished":"2024-12-02T11:11:47+00:00","breadcrumb":{"@id":"https:\/\/uniludes.ch\/fr\/condoleances-pour-le-deces-premature-de-gemma-manzoni\/#breadcrumb"},"inLanguage":"fr-FR","potentialAction":[{"@type":"ReadAction","target":["https:\/\/uniludes.ch\/fr\/condoleances-pour-le-deces-premature-de-gemma-manzoni\/"]}]},{"@type":"ImageObject","inLanguage":"fr-FR","@id":"https:\/\/uniludes.ch\/fr\/condoleances-pour-le-deces-premature-de-gemma-manzoni\/#primaryimage","url":"https:\/\/uniludes.ch\/wp-content\/uploads\/2023\/11\/Immagine-WhatsApp-2023-11-02-ore-15.07.05_6592b8a0.jpg","contentUrl":"https:\/\/uniludes.ch\/wp-content\/uploads\/2023\/11\/Immagine-WhatsApp-2023-11-02-ore-15.07.05_6592b8a0.jpg","width":800,"height":800},{"@type":"BreadcrumbList","@id":"https:\/\/uniludes.ch\/fr\/condoleances-pour-le-deces-premature-de-gemma-manzoni\/#breadcrumb","itemListElement":[{"@type":"ListItem","position":1,"name":"Home","item":"https:\/\/uniludes.ch\/fr\/"},{"@type":"ListItem","position":2,"name":"Condol\u00e9ances pour le d\u00e9c\u00e8s pr\u00e9matur\u00e9 de Gemma Manzoni"}]},{"@type":"WebSite","@id":"https:\/\/uniludes.ch\/fr\/#website","url":"https:\/\/uniludes.ch\/fr\/","name":"Campus L.U.De.S.","description":"Istituto Universitario Professionale *","publisher":{"@id":"https:\/\/uniludes.ch\/fr\/#organization"},"potentialAction":[{"@type":"SearchAction","target":{"@type":"EntryPoint","urlTemplate":"https:\/\/uniludes.ch\/fr\/?s={search_term_string}"},"query-input":{"@type":"PropertyValueSpecification","valueRequired":true,"valueName":"search_term_string"}}],"inLanguage":"fr-FR"},{"@type":"Organization","@id":"https:\/\/uniludes.ch\/fr\/#organization","name":"Campus L.U.De.S.","url":"https:\/\/uniludes.ch\/fr\/","logo":{"@type":"ImageObject","inLanguage":"fr-FR","@id":"https:\/\/uniludes.ch\/fr\/#\/schema\/logo\/image\/","url":"https:\/\/uniludes.ch\/wp-content\/uploads\/2023\/03\/LOGO-PER-SITO-350X100.png","contentUrl":"https:\/\/uniludes.ch\/wp-content\/uploads\/2023\/03\/LOGO-PER-SITO-350X100.png","width":350,"height":100,"caption":"Campus L.U.De.S."},"image":{"@id":"https:\/\/uniludes.ch\/fr\/#\/schema\/logo\/image\/"},"sameAs":["https:\/\/www.facebook.com\/LudesLuganoCampus\/","https:\/\/www.linkedin.com\/company\/l-u-de-s-university\/about\/","https:\/\/www.instagram.com\/ludes_lugano_campus\/"]},{"@type":"Person","@id":"https:\/\/uniludes.ch\/fr\/#\/schema\/person\/343664a19dd7c00fd2a1e51a2ebea599","name":"MICHELA DEPINO"}]}},"_links":{"self":[{"href":"https:\/\/uniludes.ch\/fr\/wp-json\/wp\/v2\/posts\/29310","targetHints":{"allow":["GET"]}}],"collection":[{"href":"https:\/\/uniludes.ch\/fr\/wp-json\/wp\/v2\/posts"}],"about":[{"href":"https:\/\/uniludes.ch\/fr\/wp-json\/wp\/v2\/types\/post"}],"author":[{"embeddable":true,"href":"https:\/\/uniludes.ch\/fr\/wp-json\/wp\/v2\/users\/4"}],"replies":[{"embeddable":true,"href":"https:\/\/uniludes.ch\/fr\/wp-json\/wp\/v2\/comments?post=29310"}],"version-history":[{"count":0,"href":"https:\/\/uniludes.ch\/fr\/wp-json\/wp\/v2\/posts\/29310\/revisions"}],"wp:featuredmedia":[{"embeddable":true,"href":"https:\/\/uniludes.ch\/fr\/wp-json\/wp\/v2\/media\/14368"}],"wp:attachment":[{"href":"https:\/\/uniludes.ch\/fr\/wp-json\/wp\/v2\/media?parent=29310"}],"wp:term":[{"taxonomy":"category","embeddable":true,"href":"https:\/\/uniludes.ch\/fr\/wp-json\/wp\/v2\/categories?post=29310"},{"taxonomy":"post_tag","embeddable":true,"href":"https:\/\/uniludes.ch\/fr\/wp-json\/wp\/v2\/tags?post=29310"}],"curies":[{"name":"wp","href":"https:\/\/api.w.org\/{rel}","templated":true}]}}