{"id":21268,"date":"2024-05-13T11:48:34","date_gmt":"2024-05-13T09:48:34","guid":{"rendered":"https:\/\/uniludes.ch\/?p=21268"},"modified":"2024-05-13T11:57:44","modified_gmt":"2024-05-13T09:57:44","slug":"offres-demploi-aupres-de-l-institut-paoli-calmettes","status":"publish","type":"post","link":"https:\/\/uniludes.ch\/fr\/offres-demploi-aupres-de-l-institut-paoli-calmettes\/","title":{"rendered":"Offres d&#8217;emploi aupr\u00e8s de l&rsquo; Institut Paoli Calmettes"},"content":{"rendered":"\t\t<div data-elementor-type=\"wp-post\" data-elementor-id=\"21268\" class=\"elementor elementor-21268\">\n\t\t\t\t<div class=\"elementor-element elementor-element-5476dbd e-flex e-con-boxed e-con e-parent\" data-id=\"5476dbd\" data-element_type=\"container\" data-e-type=\"container\">\r\n\t\t\t\t\t<div class=\"e-con-inner\">\r\n\t\t\t\t<div class=\"elementor-element elementor-element-9212133 elementor-widget elementor-widget-image\" data-id=\"9212133\" data-element_type=\"widget\" data-e-type=\"widget\" data-widget_type=\"image.default\">\n\t\t\t\t<div class=\"elementor-widget-container\">\n\t\t\t\t\t\t\t\t\t\t\t\t\t\t\t<img decoding=\"async\" width=\"300\" height=\"161\" src=\"https:\/\/uniludes.ch\/wp-content\/uploads\/2024\/05\/LOGO_IPC-UNICANCER-300x161-1.png\" class=\"attachment-large size-large wp-image-21272\" alt=\"\" \/>\t\t\t\t\t\t\t\t\t\t\t\t\t\t\t<\/div>\n\t\t\t\t<\/div>\n\t\t\t\t\t<\/div>\n\t\t\t\t<\/div>\n\t\t<div class=\"elementor-element elementor-element-9147a98 e-flex e-con-boxed e-con e-parent\" data-id=\"9147a98\" data-element_type=\"container\" data-e-type=\"container\">\r\n\t\t\t\t\t<div class=\"e-con-inner\">\r\n\t\t\t\t<div class=\"elementor-element elementor-element-15ca20c elementor-widget elementor-widget-text-editor\" data-id=\"15ca20c\" data-element_type=\"widget\" data-e-type=\"widget\" data-widget_type=\"text-editor.default\">\n\t\t\t\t<div class=\"elementor-widget-container\">\n\t\t\t\t\t\t\t\t\t<p>L\u2019INSTITUT PAOLI CALMETTES, Centre R\u00e9gional de Lutte Contre le Cancer situ\u00e9 \u00e0 Marseille 9\u00e8me, recrute un(e) masseur kin\u00e9sith\u00e9rapeute.<\/p><p>Le masseur kin\u00e9sith\u00e9rapeute est sous la responsabilit\u00e9 directe de la Direction des Soins. Il \u00e9volue au sein d\u2019une \u00e9quipe de 4 collaborateurs. Il est amen\u00e9 \u00e0 prendre en charge des patients dans les services d\u2019oncologie, de chirurgie, d\u2019h\u00e9matologie et de r\u00e9animation.<\/p><p>Pour lire l&rsquo;offre compl\u00e8te, appuyez sur le bouton ci-dessous.<\/p>\t\t\t\t\t\t\t\t<\/div>\n\t\t\t\t<\/div>\n\t\t\t\t\t<\/div>\n\t\t\t\t<\/div>\n\t\t<div class=\"elementor-element elementor-element-449da08 e-flex e-con-boxed e-con e-parent\" data-id=\"449da08\" data-element_type=\"container\" data-e-type=\"container\">\r\n\t\t\t\t\t<div class=\"e-con-inner\">\r\n\t\t\t\t<div class=\"elementor-element elementor-element-e21b177 elementor-widget elementor-widget-porto_button\" data-id=\"e21b177\" data-element_type=\"widget\" data-e-type=\"widget\" data-widget_type=\"porto_button.default\">\n\t\t\t\t<div class=\"elementor-widget-container\">\n\t\t\t\t\t<a class=\"btn btn-md btn-primary\" href=\"https:\/\/uniludes.ch\/wp-content\/uploads\/2024\/05\/04-KINESITHERAPEUTE.pdf\"><span >Offre compl\u00e8te<\/span><\/a>\t\t\t\t<\/div>\n\t\t\t\t<\/div>\n\t\t\t\t\t<\/div>\n\t\t\t\t<\/div>\n\t\t\t\t<\/div>\n\t\t","protected":false},"excerpt":{"rendered":"<p>L\u2019INSTITUT PAOLI CALMETTES, Centre R\u00e9gional de Lutte Contre le Cancer situ\u00e9 \u00e0 Marseille 9\u00e8me, recrute un(e) masseur kin\u00e9sith\u00e9rapeute. Le masseur kin\u00e9sith\u00e9rapeute est sous la responsabilit\u00e9 directe de la Direction des Soins. Il \u00e9volue au sein d\u2019une \u00e9quipe de 4 collaborateurs. Il est amen\u00e9 \u00e0 prendre en charge des patients dans les services d\u2019oncologie, de chirurgie, [&hellip;]<\/p>\n","protected":false},"author":4,"featured_media":0,"comment_status":"closed","ping_status":"open","sticky":false,"template":"","format":"standard","meta":{"_acf_changed":false,"footnotes":""},"categories":[110],"tags":[],"class_list":["post-21268","post","type-post","status-publish","format-standard","hentry","category-offres-demploi"],"acf":[],"featured_image_src":{"landsacpe":false,"list":false,"medium":false,"full":false},"yoast_head":"<!-- This site is optimized with the Yoast SEO plugin v27.4 - https:\/\/yoast.com\/product\/yoast-seo-wordpress\/ -->\n<title>Offres d&#039;emploi aupr\u00e8s de l&#039; Institut Paoli Calmettes &#187; Campus L.U.De.S.<\/title>\n<meta name=\"robots\" content=\"index, follow, max-snippet:-1, max-image-preview:large, max-video-preview:-1\" \/>\n<link rel=\"canonical\" href=\"https:\/\/uniludes.ch\/fr\/offres-demploi-aupres-de-l-institut-paoli-calmettes\/\" \/>\n<meta property=\"og:locale\" content=\"fr_FR\" \/>\n<meta property=\"og:type\" content=\"article\" \/>\n<meta property=\"og:title\" content=\"Offres d&#039;emploi aupr\u00e8s de l&#039; Institut Paoli Calmettes &#187; Campus L.U.De.S.\" \/>\n<meta property=\"og:description\" content=\"L\u2019INSTITUT PAOLI CALMETTES, Centre R\u00e9gional de Lutte Contre le Cancer situ\u00e9 \u00e0 Marseille 9\u00e8me, recrute un(e) masseur kin\u00e9sith\u00e9rapeute. Le masseur kin\u00e9sith\u00e9rapeute est sous la responsabilit\u00e9 directe de la Direction des Soins. Il \u00e9volue au sein d\u2019une \u00e9quipe de 4 collaborateurs. Il est amen\u00e9 \u00e0 prendre en charge des patients dans les services d\u2019oncologie, de chirurgie, [&hellip;]\" \/>\n<meta property=\"og:url\" content=\"https:\/\/uniludes.ch\/fr\/offres-demploi-aupres-de-l-institut-paoli-calmettes\/\" \/>\n<meta property=\"og:site_name\" content=\"Campus L.U.De.S.\" \/>\n<meta property=\"article:publisher\" content=\"https:\/\/www.facebook.com\/LudesLuganoCampus\/\" \/>\n<meta property=\"article:published_time\" content=\"2024-05-13T09:48:34+00:00\" \/>\n<meta property=\"article:modified_time\" content=\"2024-05-13T09:57:44+00:00\" \/>\n<meta property=\"og:image\" content=\"https:\/\/uniludes.ch\/wp-content\/uploads\/2024\/05\/LOGO_IPC-UNICANCER-300x161-1.png\" \/>\n<meta name=\"author\" content=\"MICHELA DEPINO\" \/>\n<meta name=\"twitter:card\" content=\"summary_large_image\" \/>\n<meta name=\"twitter:label1\" content=\"\u00c9crit par\" \/>\n\t<meta name=\"twitter:data1\" content=\"MICHELA DEPINO\" \/>\n\t<meta name=\"twitter:label2\" content=\"Dur\u00e9e de lecture estim\u00e9e\" \/>\n\t<meta name=\"twitter:data2\" content=\"1 minute\" \/>\n<script type=\"application\/ld+json\" class=\"yoast-schema-graph\">{\"@context\":\"https:\\\/\\\/schema.org\",\"@graph\":[{\"@type\":\"Article\",\"@id\":\"https:\\\/\\\/uniludes.ch\\\/fr\\\/offres-demploi-aupres-de-l-institut-paoli-calmettes\\\/#article\",\"isPartOf\":{\"@id\":\"https:\\\/\\\/uniludes.ch\\\/fr\\\/offres-demploi-aupres-de-l-institut-paoli-calmettes\\\/\"},\"author\":{\"name\":\"MICHELA DEPINO\",\"@id\":\"https:\\\/\\\/uniludes.ch\\\/fr\\\/#\\\/schema\\\/person\\\/343664a19dd7c00fd2a1e51a2ebea599\"},\"headline\":\"Offres d&#8217;emploi aupr\u00e8s de l&rsquo; Institut Paoli Calmettes\",\"datePublished\":\"2024-05-13T09:48:34+00:00\",\"dateModified\":\"2024-05-13T09:57:44+00:00\",\"mainEntityOfPage\":{\"@id\":\"https:\\\/\\\/uniludes.ch\\\/fr\\\/offres-demploi-aupres-de-l-institut-paoli-calmettes\\\/\"},\"wordCount\":92,\"publisher\":{\"@id\":\"https:\\\/\\\/uniludes.ch\\\/fr\\\/#organization\"},\"image\":{\"@id\":\"https:\\\/\\\/uniludes.ch\\\/fr\\\/offres-demploi-aupres-de-l-institut-paoli-calmettes\\\/#primaryimage\"},\"thumbnailUrl\":\"https:\\\/\\\/uniludes.ch\\\/wp-content\\\/uploads\\\/2024\\\/05\\\/LOGO_IPC-UNICANCER-300x161-1.png\",\"articleSection\":[\"Offres d'emploi\"],\"inLanguage\":\"fr-FR\"},{\"@type\":\"WebPage\",\"@id\":\"https:\\\/\\\/uniludes.ch\\\/fr\\\/offres-demploi-aupres-de-l-institut-paoli-calmettes\\\/\",\"url\":\"https:\\\/\\\/uniludes.ch\\\/fr\\\/offres-demploi-aupres-de-l-institut-paoli-calmettes\\\/\",\"name\":\"Offres d'emploi aupr\u00e8s de l' Institut Paoli Calmettes &#187; Campus L.U.De.S.\",\"isPartOf\":{\"@id\":\"https:\\\/\\\/uniludes.ch\\\/fr\\\/#website\"},\"primaryImageOfPage\":{\"@id\":\"https:\\\/\\\/uniludes.ch\\\/fr\\\/offres-demploi-aupres-de-l-institut-paoli-calmettes\\\/#primaryimage\"},\"image\":{\"@id\":\"https:\\\/\\\/uniludes.ch\\\/fr\\\/offres-demploi-aupres-de-l-institut-paoli-calmettes\\\/#primaryimage\"},\"thumbnailUrl\":\"https:\\\/\\\/uniludes.ch\\\/wp-content\\\/uploads\\\/2024\\\/05\\\/LOGO_IPC-UNICANCER-300x161-1.png\",\"datePublished\":\"2024-05-13T09:48:34+00:00\",\"dateModified\":\"2024-05-13T09:57:44+00:00\",\"breadcrumb\":{\"@id\":\"https:\\\/\\\/uniludes.ch\\\/fr\\\/offres-demploi-aupres-de-l-institut-paoli-calmettes\\\/#breadcrumb\"},\"inLanguage\":\"fr-FR\",\"potentialAction\":[{\"@type\":\"ReadAction\",\"target\":[\"https:\\\/\\\/uniludes.ch\\\/fr\\\/offres-demploi-aupres-de-l-institut-paoli-calmettes\\\/\"]}]},{\"@type\":\"ImageObject\",\"inLanguage\":\"fr-FR\",\"@id\":\"https:\\\/\\\/uniludes.ch\\\/fr\\\/offres-demploi-aupres-de-l-institut-paoli-calmettes\\\/#primaryimage\",\"url\":\"https:\\\/\\\/uniludes.ch\\\/wp-content\\\/uploads\\\/2024\\\/05\\\/LOGO_IPC-UNICANCER-300x161-1.png\",\"contentUrl\":\"https:\\\/\\\/uniludes.ch\\\/wp-content\\\/uploads\\\/2024\\\/05\\\/LOGO_IPC-UNICANCER-300x161-1.png\"},{\"@type\":\"BreadcrumbList\",\"@id\":\"https:\\\/\\\/uniludes.ch\\\/fr\\\/offres-demploi-aupres-de-l-institut-paoli-calmettes\\\/#breadcrumb\",\"itemListElement\":[{\"@type\":\"ListItem\",\"position\":1,\"name\":\"Home\",\"item\":\"https:\\\/\\\/uniludes.ch\\\/fr\\\/\"},{\"@type\":\"ListItem\",\"position\":2,\"name\":\"Offres d&#8217;emploi aupr\u00e8s de l&#8217; Institut Paoli Calmettes\"}]},{\"@type\":\"WebSite\",\"@id\":\"https:\\\/\\\/uniludes.ch\\\/fr\\\/#website\",\"url\":\"https:\\\/\\\/uniludes.ch\\\/fr\\\/\",\"name\":\"Campus L.U.De.S.\",\"description\":\"Istituto Universitario Professionale *\",\"publisher\":{\"@id\":\"https:\\\/\\\/uniludes.ch\\\/fr\\\/#organization\"},\"potentialAction\":[{\"@type\":\"SearchAction\",\"target\":{\"@type\":\"EntryPoint\",\"urlTemplate\":\"https:\\\/\\\/uniludes.ch\\\/fr\\\/?s={search_term_string}\"},\"query-input\":{\"@type\":\"PropertyValueSpecification\",\"valueRequired\":true,\"valueName\":\"search_term_string\"}}],\"inLanguage\":\"fr-FR\"},{\"@type\":\"Organization\",\"@id\":\"https:\\\/\\\/uniludes.ch\\\/fr\\\/#organization\",\"name\":\"Campus L.U.De.S.\",\"url\":\"https:\\\/\\\/uniludes.ch\\\/fr\\\/\",\"logo\":{\"@type\":\"ImageObject\",\"inLanguage\":\"fr-FR\",\"@id\":\"https:\\\/\\\/uniludes.ch\\\/fr\\\/#\\\/schema\\\/logo\\\/image\\\/\",\"url\":\"https:\\\/\\\/uniludes.ch\\\/wp-content\\\/uploads\\\/2023\\\/03\\\/LOGO-PER-SITO-350X100.png\",\"contentUrl\":\"https:\\\/\\\/uniludes.ch\\\/wp-content\\\/uploads\\\/2023\\\/03\\\/LOGO-PER-SITO-350X100.png\",\"width\":350,\"height\":100,\"caption\":\"Campus L.U.De.S.\"},\"image\":{\"@id\":\"https:\\\/\\\/uniludes.ch\\\/fr\\\/#\\\/schema\\\/logo\\\/image\\\/\"},\"sameAs\":[\"https:\\\/\\\/www.facebook.com\\\/LudesLuganoCampus\\\/\",\"https:\\\/\\\/www.linkedin.com\\\/company\\\/l-u-de-s-university\\\/about\\\/\",\"https:\\\/\\\/www.instagram.com\\\/ludes_lugano_campus\\\/\"]},{\"@type\":\"Person\",\"@id\":\"https:\\\/\\\/uniludes.ch\\\/fr\\\/#\\\/schema\\\/person\\\/343664a19dd7c00fd2a1e51a2ebea599\",\"name\":\"MICHELA DEPINO\"}]}<\/script>\n<!-- \/ Yoast SEO plugin. -->","yoast_head_json":{"title":"Offres d'emploi aupr\u00e8s de l' Institut Paoli Calmettes &#187; Campus L.U.De.S.","robots":{"index":"index","follow":"follow","max-snippet":"max-snippet:-1","max-image-preview":"max-image-preview:large","max-video-preview":"max-video-preview:-1"},"canonical":"https:\/\/uniludes.ch\/fr\/offres-demploi-aupres-de-l-institut-paoli-calmettes\/","og_locale":"fr_FR","og_type":"article","og_title":"Offres d'emploi aupr\u00e8s de l' Institut Paoli Calmettes &#187; Campus L.U.De.S.","og_description":"L\u2019INSTITUT PAOLI CALMETTES, Centre R\u00e9gional de Lutte Contre le Cancer situ\u00e9 \u00e0 Marseille 9\u00e8me, recrute un(e) masseur kin\u00e9sith\u00e9rapeute. Le masseur kin\u00e9sith\u00e9rapeute est sous la responsabilit\u00e9 directe de la Direction des Soins. Il \u00e9volue au sein d\u2019une \u00e9quipe de 4 collaborateurs. Il est amen\u00e9 \u00e0 prendre en charge des patients dans les services d\u2019oncologie, de chirurgie, [&hellip;]","og_url":"https:\/\/uniludes.ch\/fr\/offres-demploi-aupres-de-l-institut-paoli-calmettes\/","og_site_name":"Campus L.U.De.S.","article_publisher":"https:\/\/www.facebook.com\/LudesLuganoCampus\/","article_published_time":"2024-05-13T09:48:34+00:00","article_modified_time":"2024-05-13T09:57:44+00:00","og_image":[{"url":"https:\/\/uniludes.ch\/wp-content\/uploads\/2024\/05\/LOGO_IPC-UNICANCER-300x161-1.png","type":"","width":"","height":""}],"author":"MICHELA DEPINO","twitter_card":"summary_large_image","twitter_misc":{"\u00c9crit par":"MICHELA DEPINO","Dur\u00e9e de lecture estim\u00e9e":"1 minute"},"schema":{"@context":"https:\/\/schema.org","@graph":[{"@type":"Article","@id":"https:\/\/uniludes.ch\/fr\/offres-demploi-aupres-de-l-institut-paoli-calmettes\/#article","isPartOf":{"@id":"https:\/\/uniludes.ch\/fr\/offres-demploi-aupres-de-l-institut-paoli-calmettes\/"},"author":{"name":"MICHELA DEPINO","@id":"https:\/\/uniludes.ch\/fr\/#\/schema\/person\/343664a19dd7c00fd2a1e51a2ebea599"},"headline":"Offres d&#8217;emploi aupr\u00e8s de l&rsquo; Institut Paoli Calmettes","datePublished":"2024-05-13T09:48:34+00:00","dateModified":"2024-05-13T09:57:44+00:00","mainEntityOfPage":{"@id":"https:\/\/uniludes.ch\/fr\/offres-demploi-aupres-de-l-institut-paoli-calmettes\/"},"wordCount":92,"publisher":{"@id":"https:\/\/uniludes.ch\/fr\/#organization"},"image":{"@id":"https:\/\/uniludes.ch\/fr\/offres-demploi-aupres-de-l-institut-paoli-calmettes\/#primaryimage"},"thumbnailUrl":"https:\/\/uniludes.ch\/wp-content\/uploads\/2024\/05\/LOGO_IPC-UNICANCER-300x161-1.png","articleSection":["Offres d'emploi"],"inLanguage":"fr-FR"},{"@type":"WebPage","@id":"https:\/\/uniludes.ch\/fr\/offres-demploi-aupres-de-l-institut-paoli-calmettes\/","url":"https:\/\/uniludes.ch\/fr\/offres-demploi-aupres-de-l-institut-paoli-calmettes\/","name":"Offres d'emploi aupr\u00e8s de l' Institut Paoli Calmettes &#187; Campus L.U.De.S.","isPartOf":{"@id":"https:\/\/uniludes.ch\/fr\/#website"},"primaryImageOfPage":{"@id":"https:\/\/uniludes.ch\/fr\/offres-demploi-aupres-de-l-institut-paoli-calmettes\/#primaryimage"},"image":{"@id":"https:\/\/uniludes.ch\/fr\/offres-demploi-aupres-de-l-institut-paoli-calmettes\/#primaryimage"},"thumbnailUrl":"https:\/\/uniludes.ch\/wp-content\/uploads\/2024\/05\/LOGO_IPC-UNICANCER-300x161-1.png","datePublished":"2024-05-13T09:48:34+00:00","dateModified":"2024-05-13T09:57:44+00:00","breadcrumb":{"@id":"https:\/\/uniludes.ch\/fr\/offres-demploi-aupres-de-l-institut-paoli-calmettes\/#breadcrumb"},"inLanguage":"fr-FR","potentialAction":[{"@type":"ReadAction","target":["https:\/\/uniludes.ch\/fr\/offres-demploi-aupres-de-l-institut-paoli-calmettes\/"]}]},{"@type":"ImageObject","inLanguage":"fr-FR","@id":"https:\/\/uniludes.ch\/fr\/offres-demploi-aupres-de-l-institut-paoli-calmettes\/#primaryimage","url":"https:\/\/uniludes.ch\/wp-content\/uploads\/2024\/05\/LOGO_IPC-UNICANCER-300x161-1.png","contentUrl":"https:\/\/uniludes.ch\/wp-content\/uploads\/2024\/05\/LOGO_IPC-UNICANCER-300x161-1.png"},{"@type":"BreadcrumbList","@id":"https:\/\/uniludes.ch\/fr\/offres-demploi-aupres-de-l-institut-paoli-calmettes\/#breadcrumb","itemListElement":[{"@type":"ListItem","position":1,"name":"Home","item":"https:\/\/uniludes.ch\/fr\/"},{"@type":"ListItem","position":2,"name":"Offres d&#8217;emploi aupr\u00e8s de l&#8217; Institut Paoli Calmettes"}]},{"@type":"WebSite","@id":"https:\/\/uniludes.ch\/fr\/#website","url":"https:\/\/uniludes.ch\/fr\/","name":"Campus L.U.De.S.","description":"Istituto Universitario Professionale *","publisher":{"@id":"https:\/\/uniludes.ch\/fr\/#organization"},"potentialAction":[{"@type":"SearchAction","target":{"@type":"EntryPoint","urlTemplate":"https:\/\/uniludes.ch\/fr\/?s={search_term_string}"},"query-input":{"@type":"PropertyValueSpecification","valueRequired":true,"valueName":"search_term_string"}}],"inLanguage":"fr-FR"},{"@type":"Organization","@id":"https:\/\/uniludes.ch\/fr\/#organization","name":"Campus L.U.De.S.","url":"https:\/\/uniludes.ch\/fr\/","logo":{"@type":"ImageObject","inLanguage":"fr-FR","@id":"https:\/\/uniludes.ch\/fr\/#\/schema\/logo\/image\/","url":"https:\/\/uniludes.ch\/wp-content\/uploads\/2023\/03\/LOGO-PER-SITO-350X100.png","contentUrl":"https:\/\/uniludes.ch\/wp-content\/uploads\/2023\/03\/LOGO-PER-SITO-350X100.png","width":350,"height":100,"caption":"Campus L.U.De.S."},"image":{"@id":"https:\/\/uniludes.ch\/fr\/#\/schema\/logo\/image\/"},"sameAs":["https:\/\/www.facebook.com\/LudesLuganoCampus\/","https:\/\/www.linkedin.com\/company\/l-u-de-s-university\/about\/","https:\/\/www.instagram.com\/ludes_lugano_campus\/"]},{"@type":"Person","@id":"https:\/\/uniludes.ch\/fr\/#\/schema\/person\/343664a19dd7c00fd2a1e51a2ebea599","name":"MICHELA DEPINO"}]}},"_links":{"self":[{"href":"https:\/\/uniludes.ch\/fr\/wp-json\/wp\/v2\/posts\/21268","targetHints":{"allow":["GET"]}}],"collection":[{"href":"https:\/\/uniludes.ch\/fr\/wp-json\/wp\/v2\/posts"}],"about":[{"href":"https:\/\/uniludes.ch\/fr\/wp-json\/wp\/v2\/types\/post"}],"author":[{"embeddable":true,"href":"https:\/\/uniludes.ch\/fr\/wp-json\/wp\/v2\/users\/4"}],"replies":[{"embeddable":true,"href":"https:\/\/uniludes.ch\/fr\/wp-json\/wp\/v2\/comments?post=21268"}],"version-history":[{"count":0,"href":"https:\/\/uniludes.ch\/fr\/wp-json\/wp\/v2\/posts\/21268\/revisions"}],"wp:attachment":[{"href":"https:\/\/uniludes.ch\/fr\/wp-json\/wp\/v2\/media?parent=21268"}],"wp:term":[{"taxonomy":"category","embeddable":true,"href":"https:\/\/uniludes.ch\/fr\/wp-json\/wp\/v2\/categories?post=21268"},{"taxonomy":"post_tag","embeddable":true,"href":"https:\/\/uniludes.ch\/fr\/wp-json\/wp\/v2\/tags?post=21268"}],"curies":[{"name":"wp","href":"https:\/\/api.w.org\/{rel}","templated":true}]}}